{"id":5478,"date":"2025-03-26T10:53:13","date_gmt":"2025-03-26T08:53:13","guid":{"rendered":"https:\/\/www.pgrosenfeld.de\/?p=5478"},"modified":"2025-03-26T10:58:59","modified_gmt":"2025-03-26T08:58:59","slug":"unsere-10er-zu-besuch-beim-bundesverfassungsgericht-in-karlsruhe","status":"publish","type":"post","link":"https:\/\/www.pgrosenfeld.de\/?p=5478","title":{"rendered":"Unsere 10er zu Besuch beim Bundesverfassungsgericht in Karlsruhe"},"content":{"rendered":"<p><a href=\"https:\/\/www.pgrosenfeld.de\/wordpress\/wp-content\/uploads\/2025\/03\/Bundesverfassungsgericht.jpeg\"><img loading=\"lazy\" decoding=\"async\" class=\"alignnone size-large wp-image-5477\" src=\"https:\/\/www.pgrosenfeld.de\/wordpress\/wp-content\/uploads\/2025\/03\/Bundesverfassungsgericht-1024x768.jpeg\" alt=\"\" width=\"690\" height=\"518\" srcset=\"https:\/\/www.pgrosenfeld.de\/wordpress\/wp-content\/uploads\/2025\/03\/Bundesverfassungsgericht-1024x768.jpeg 1024w, https:\/\/www.pgrosenfeld.de\/wordpress\/wp-content\/uploads\/2025\/03\/Bundesverfassungsgericht-300x225.jpeg 300w, https:\/\/www.pgrosenfeld.de\/wordpress\/wp-content\/uploads\/2025\/03\/Bundesverfassungsgericht-768x576.jpeg 768w, https:\/\/www.pgrosenfeld.de\/wordpress\/wp-content\/uploads\/2025\/03\/Bundesverfassungsgericht-1536x1152.jpeg 1536w, https:\/\/www.pgrosenfeld.de\/wordpress\/wp-content\/uploads\/2025\/03\/Bundesverfassungsgericht.jpeg 1600w\" sizes=\"auto, (max-width: 690px) 100vw, 690px\" \/><\/a><\/p>\n<p>F\u00fcr die 10er ging es am Dienstag, den 25. M\u00e4rz, schon fr\u00fch mit dem Zug nach Karlsruhe zum Bundesverfassungsgericht.<br \/>\nDort durften wir einer Verhandlung beiwohnen und den h\u00f6chsten Richtern und Richterinnen in ihren roten Roben bei der Arbeit zuschauen.<br \/>\nDas Thema: &#8222;Klage gegen das Gesetz, dass Notare ab dem 70. Lebensjahr nicht mehr arbeiten d\u00fcrfen&#8220;. Durch eine Glasscheibe vom Geschehen getrennt und \u00fcber Lautsprecher verfolgten wir die Verhandlung.<\/p>\n<p>Um 12 Uhr machten wir uns in kleinen Gruppen auf den Weg zum Platz der Grundrechte und erkundeten die Stadt auf eigene Faust.<br \/>\nDer Zug nach Pforzheim konnte leider nicht weiterfahren und setzte uns in SOLLINGEN ab.<\/p>\n<p>Nach vielem Hin und Her fuhren wir zur\u00fcck nach Karlsruhe, um auf anderem Wege nach Pforzheim zu kommen. Um 20 Uhr war die lange und ereignisreiche Fahrt endlich vorbei.<\/p>\n<p>Ein spannender Ausflugstag ging zu Ende!<\/p>\n<p style=\"text-align: right;\">Anna Hirschfeld 10a<\/p>\n","protected":false},"excerpt":{"rendered":"<p>F\u00fcr die 10er ging es am Dienstag, den 25. M\u00e4rz, schon fr\u00fch mit dem Zug nach Karlsruhe zum Bundesverfassungsgericht. Dort <a class=\"more-link\" href=\"https:\/\/www.pgrosenfeld.de\/?p=5478\">mehr &rarr;<\/a><\/p>\n","protected":false},"author":1,"featured_media":0,"comment_status":"closed","ping_status":"closed","sticky":false,"template":"","format":"standard","meta":{"footnotes":""},"categories":[1,15],"tags":[],"class_list":["post-5478","post","type-post","status-publish","format-standard","hentry","category-allgemein","category-exkursion"],"_links":{"self":[{"href":"https:\/\/www.pgrosenfeld.de\/index.php?rest_route=\/wp\/v2\/posts\/5478","targetHints":{"allow":["GET"]}}],"collection":[{"href":"https:\/\/www.pgrosenfeld.de\/index.php?rest_route=\/wp\/v2\/posts"}],"about":[{"href":"https:\/\/www.pgrosenfeld.de\/index.php?rest_route=\/wp\/v2\/types\/post"}],"author":[{"embeddable":true,"href":"https:\/\/www.pgrosenfeld.de\/index.php?rest_route=\/wp\/v2\/users\/1"}],"replies":[{"embeddable":true,"href":"https:\/\/www.pgrosenfeld.de\/index.php?rest_route=%2Fwp%2Fv2%2Fcomments&post=5478"}],"version-history":[{"count":3,"href":"https:\/\/www.pgrosenfeld.de\/index.php?rest_route=\/wp\/v2\/posts\/5478\/revisions"}],"predecessor-version":[{"id":5481,"href":"https:\/\/www.pgrosenfeld.de\/index.php?rest_route=\/wp\/v2\/posts\/5478\/revisions\/5481"}],"wp:attachment":[{"href":"https:\/\/www.pgrosenfeld.de\/index.php?rest_route=%2Fwp%2Fv2%2Fmedia&parent=5478"}],"wp:term":[{"taxonomy":"category","embeddable":true,"href":"https:\/\/www.pgrosenfeld.de\/index.php?rest_route=%2Fwp%2Fv2%2Fcategories&post=5478"},{"taxonomy":"post_tag","embeddable":true,"href":"https:\/\/www.pgrosenfeld.de\/index.php?rest_route=%2Fwp%2Fv2%2Ftags&post=5478"}],"curies":[{"name":"wp","href":"https:\/\/api.w.org\/{rel}","templated":true}]}}