{"id":5353,"date":"2024-11-28T10:25:54","date_gmt":"2024-11-28T08:25:54","guid":{"rendered":"https:\/\/www.pgrosenfeld.de\/?p=5353"},"modified":"2024-11-28T10:25:54","modified_gmt":"2024-11-28T08:25:54","slug":"jugend-debattiert-wettbewerb-am-progymnasium","status":"publish","type":"post","link":"https:\/\/www.pgrosenfeld.de\/?p=5353","title":{"rendered":"Jugend debattiert Wettbewerb am Progymnasium"},"content":{"rendered":"<p><a href=\"https:\/\/www.pgrosenfeld.de\/wordpress\/wp-content\/uploads\/2024\/11\/Jugend-debattiert-2024.jpg\"><img loading=\"lazy\" decoding=\"async\" class=\"alignnone size-medium wp-image-5352\" src=\"https:\/\/www.pgrosenfeld.de\/wordpress\/wp-content\/uploads\/2024\/11\/Jugend-debattiert-2024-300x300.jpg\" alt=\"\" width=\"300\" height=\"300\" srcset=\"https:\/\/www.pgrosenfeld.de\/wordpress\/wp-content\/uploads\/2024\/11\/Jugend-debattiert-2024-300x300.jpg 300w, https:\/\/www.pgrosenfeld.de\/wordpress\/wp-content\/uploads\/2024\/11\/Jugend-debattiert-2024-1024x1024.jpg 1024w, https:\/\/www.pgrosenfeld.de\/wordpress\/wp-content\/uploads\/2024\/11\/Jugend-debattiert-2024-150x150.jpg 150w, https:\/\/www.pgrosenfeld.de\/wordpress\/wp-content\/uploads\/2024\/11\/Jugend-debattiert-2024-768x767.jpg 768w, https:\/\/www.pgrosenfeld.de\/wordpress\/wp-content\/uploads\/2024\/11\/Jugend-debattiert-2024.jpg 1394w\" sizes=\"auto, (max-width: 300px) 100vw, 300px\" \/><\/a><\/p>\n<p><strong>\u201eSoll es Pflicht f\u00fcr alle Kinderg\u00e4rten sein, eine Ganztagesbetreuung anzubieten?\u201c<\/strong><\/p>\n<p>Das war das Thema, \u00fcber das die vier Klassensieger der 10a am 22.11. leidenschaftlich debattierten: Alisa Lehmann, Emanuel Roth, Luan Reichert und Samuel Helm. Bereits im Vorfeld wurden in der Sekundarstufe II spannende und lehrreiche Debatten mit \u00e4u\u00dferst guten Argumenten gef\u00fchrt.<\/p>\n<p>Die Jury, bestehend aus Frau Charoula Parali, Frau Undine Ingenpa\u00df, Frau Christina Weinmann und Frau Akcep und der Zeitw\u00e4chter Paul Ade (10a), trugen ebenfalls einen wichtigen Teil zu dieser interessanten Debatte bei. Die Debattanten wurden anhand der Kriterien Sachkenntnis, Ausdrucksverm\u00f6gen, Gespr\u00e4chsf\u00e4higkeit und \u00dcberzeugungskraft bewertet.<\/p>\n<p>Am Ende der spannenden Stunde konnte Alisa Lehmann als Siegerin jubeln, gefolgt von Samuel Helm, Emanuel Roth und Luan Reichert. Alisa Lehmann und Samuel Helm wurden als Schulsieger gek\u00fcrt und d\u00fcrfen am Dienstag, den 11. Februar 2025, in Hechingen um 14 Uhr beim Regionalwettbewerb antreten.<\/p>\n<p>Herzlichen Gl\u00fcckwunsch an unsere Debattanten und weiterhin viel Erfolg in Hechingen!<\/p>\n<p>Bericht: Kerstin Mattes,10a<\/p>\n","protected":false},"excerpt":{"rendered":"<p>\u201eSoll es Pflicht f\u00fcr alle Kinderg\u00e4rten sein, eine Ganztagesbetreuung anzubieten?\u201c Das war das Thema, \u00fcber das die vier Klassensieger der <a class=\"more-link\" href=\"https:\/\/www.pgrosenfeld.de\/?p=5353\">mehr &rarr;<\/a><\/p>\n","protected":false},"author":1,"featured_media":0,"comment_status":"closed","ping_status":"closed","sticky":false,"template":"","format":"standard","meta":{"footnotes":""},"categories":[1],"tags":[],"class_list":["post-5353","post","type-post","status-publish","format-standard","hentry","category-allgemein"],"_links":{"self":[{"href":"https:\/\/www.pgrosenfeld.de\/index.php?rest_route=\/wp\/v2\/posts\/5353","targetHints":{"allow":["GET"]}}],"collection":[{"href":"https:\/\/www.pgrosenfeld.de\/index.php?rest_route=\/wp\/v2\/posts"}],"about":[{"href":"https:\/\/www.pgrosenfeld.de\/index.php?rest_route=\/wp\/v2\/types\/post"}],"author":[{"embeddable":true,"href":"https:\/\/www.pgrosenfeld.de\/index.php?rest_route=\/wp\/v2\/users\/1"}],"replies":[{"embeddable":true,"href":"https:\/\/www.pgrosenfeld.de\/index.php?rest_route=%2Fwp%2Fv2%2Fcomments&post=5353"}],"version-history":[{"count":1,"href":"https:\/\/www.pgrosenfeld.de\/index.php?rest_route=\/wp\/v2\/posts\/5353\/revisions"}],"predecessor-version":[{"id":5354,"href":"https:\/\/www.pgrosenfeld.de\/index.php?rest_route=\/wp\/v2\/posts\/5353\/revisions\/5354"}],"wp:attachment":[{"href":"https:\/\/www.pgrosenfeld.de\/index.php?rest_route=%2Fwp%2Fv2%2Fmedia&parent=5353"}],"wp:term":[{"taxonomy":"category","embeddable":true,"href":"https:\/\/www.pgrosenfeld.de\/index.php?rest_route=%2Fwp%2Fv2%2Fcategories&post=5353"},{"taxonomy":"post_tag","embeddable":true,"href":"https:\/\/www.pgrosenfeld.de\/index.php?rest_route=%2Fwp%2Fv2%2Ftags&post=5353"}],"curies":[{"name":"wp","href":"https:\/\/api.w.org\/{rel}","templated":true}]}}