{"id":5247,"date":"2024-03-15T10:40:11","date_gmt":"2024-03-15T08:40:11","guid":{"rendered":"https:\/\/www.pgrosenfeld.de\/?p=5247"},"modified":"2024-03-15T19:34:28","modified_gmt":"2024-03-15T17:34:28","slug":"lagerfeuer-und-kampf-gegen-windmuehlen-oder-die-macht-der-gedanken","status":"publish","type":"post","link":"https:\/\/www.pgrosenfeld.de\/?p=5247","title":{"rendered":"Lagerfeuer und Kampf gegen Windm\u00fchlen oder: Die Macht der Gedanken"},"content":{"rendered":"<p><a href=\"https:\/\/www.pgrosenfeld.de\/wordpress\/wp-content\/uploads\/2024\/03\/Kl8_BL_Theater2024-scaled.jpg\"><img loading=\"lazy\" decoding=\"async\" class=\"alignnone wp-image-5246 size-large\" src=\"https:\/\/www.pgrosenfeld.de\/wordpress\/wp-content\/uploads\/2024\/03\/Kl8_BL_Theater2024-1024x576.jpg\" alt=\"\" width=\"690\" height=\"388\" srcset=\"https:\/\/www.pgrosenfeld.de\/wordpress\/wp-content\/uploads\/2024\/03\/Kl8_BL_Theater2024-1024x576.jpg 1024w, https:\/\/www.pgrosenfeld.de\/wordpress\/wp-content\/uploads\/2024\/03\/Kl8_BL_Theater2024-300x169.jpg 300w, https:\/\/www.pgrosenfeld.de\/wordpress\/wp-content\/uploads\/2024\/03\/Kl8_BL_Theater2024-768x432.jpg 768w, https:\/\/www.pgrosenfeld.de\/wordpress\/wp-content\/uploads\/2024\/03\/Kl8_BL_Theater2024-1536x864.jpg 1536w, https:\/\/www.pgrosenfeld.de\/wordpress\/wp-content\/uploads\/2024\/03\/Kl8_BL_Theater2024-2048x1152.jpg 2048w\" sizes=\"auto, (max-width: 690px) 100vw, 690px\" \/><\/a><\/p>\n<p style=\"text-align: left;\">Am Mittwoch den 06.03.2024 besuchte die Klasse 8 des Progymnasiums Rosenfeld das Theater \u00fcber Don Quijote in der Stadthalle Balingen. Das Schauspiel mit Musik von Jakob Nolte wurde vom Neuen Globe Theater Potsdamm ausdrucksstark und unterhaltsam auf die B\u00fchne gebracht.<\/p>\n<p style=\"text-align: left;\">Don Quijote ist urspr\u00fcnglich ein Roman des spanischen Schriftstellers Miguel de Cervantes, welches zudem das weltweit meist verkaufte Buch neben der Bibel ist. Diese Weltliteratur handelt von den Erlebnissen, welche Alonso Quijano (der sich sp\u00e4ter Don Quijote nennt) mit seinem Nachbarn Sancho Panza zusammen erlebt.<\/p>\n<p style=\"text-align: left;\">Das St\u00fcck bot sich sehr gut an, da Dramatik\/Theater unmittelbar vorher Thema im Deutschunterricht war und zus\u00e4tzlich einige Sch\u00fcler aus der Klasse Spanisch als weiteres Hauptfach gew\u00e4hlt haben. Somit wurde schon zuvor im Spanisch-und Deutschunterricht \u00fcber die Handlung gesprochen. Anfangs war die \u00dcberraschung gro\u00df, als diese Auff\u00fchrung minimalistisch mit nur drei Darstellern, welche die ganze Zeit auf der B\u00fchne waren, und wenigen Requisiten vorgetragen wurde. Au\u00dferdem gab es teilweise recht anspruchsvolle, aber auch einige sehr am\u00fcsante Szenen. Insgesamt konnten bei dieser kulturellen Veranstaltung sehr viele neue Eindr\u00fccke und Erfahrungen gesammelt werden, welche zuk\u00fcnftig sicherlich n\u00fctzlich sein werden.<\/p>\n<p style=\"text-align: left;\">Organisiert und begleitet wurde die Exkursion von den Lehrerinnen Dorothee Kadelbach und Rebecca Falcone-Egger und die Klasse konnte sich \u00fcber eine gro\u00dfz\u00fcgige finanzielle Unterst\u00fctzung vom Schulf\u00f6rderverein freuen. Ein gro\u00dfes Dankesch\u00f6n geht auch an die Eltern, die freundlicherweise die Fahrdienste \u00fcbernommen haben.<\/p>\n<p style=\"text-align: right;\">Von Katharina Kl. 8<\/p>\n","protected":false},"excerpt":{"rendered":"<p>Am Mittwoch den 06.03.2024 besuchte die Klasse 8 des Progymnasiums Rosenfeld das Theater \u00fcber Don Quijote in der Stadthalle Balingen. <a class=\"more-link\" href=\"https:\/\/www.pgrosenfeld.de\/?p=5247\">mehr &rarr;<\/a><\/p>\n","protected":false},"author":1,"featured_media":0,"comment_status":"closed","ping_status":"closed","sticky":false,"template":"","format":"standard","meta":{"footnotes":""},"categories":[1],"tags":[],"class_list":["post-5247","post","type-post","status-publish","format-standard","hentry","category-allgemein"],"_links":{"self":[{"href":"https:\/\/www.pgrosenfeld.de\/index.php?rest_route=\/wp\/v2\/posts\/5247","targetHints":{"allow":["GET"]}}],"collection":[{"href":"https:\/\/www.pgrosenfeld.de\/index.php?rest_route=\/wp\/v2\/posts"}],"about":[{"href":"https:\/\/www.pgrosenfeld.de\/index.php?rest_route=\/wp\/v2\/types\/post"}],"author":[{"embeddable":true,"href":"https:\/\/www.pgrosenfeld.de\/index.php?rest_route=\/wp\/v2\/users\/1"}],"replies":[{"embeddable":true,"href":"https:\/\/www.pgrosenfeld.de\/index.php?rest_route=%2Fwp%2Fv2%2Fcomments&post=5247"}],"version-history":[{"count":4,"href":"https:\/\/www.pgrosenfeld.de\/index.php?rest_route=\/wp\/v2\/posts\/5247\/revisions"}],"predecessor-version":[{"id":5251,"href":"https:\/\/www.pgrosenfeld.de\/index.php?rest_route=\/wp\/v2\/posts\/5247\/revisions\/5251"}],"wp:attachment":[{"href":"https:\/\/www.pgrosenfeld.de\/index.php?rest_route=%2Fwp%2Fv2%2Fmedia&parent=5247"}],"wp:term":[{"taxonomy":"category","embeddable":true,"href":"https:\/\/www.pgrosenfeld.de\/index.php?rest_route=%2Fwp%2Fv2%2Fcategories&post=5247"},{"taxonomy":"post_tag","embeddable":true,"href":"https:\/\/www.pgrosenfeld.de\/index.php?rest_route=%2Fwp%2Fv2%2Ftags&post=5247"}],"curies":[{"name":"wp","href":"https:\/\/api.w.org\/{rel}","templated":true}]}}