{"id":5103,"date":"2023-07-13T18:27:26","date_gmt":"2023-07-13T16:27:26","guid":{"rendered":"https:\/\/www.pgrosenfeld.de\/?p=5103"},"modified":"2023-07-13T19:59:00","modified_gmt":"2023-07-13T17:59:00","slug":"reisebericht-barakaldo-2023","status":"publish","type":"post","link":"https:\/\/www.pgrosenfeld.de\/?p=5103","title":{"rendered":"Reisebericht Barakaldo 2023"},"content":{"rendered":"<div dir=\"ltr\">\n<div id=\"attachment_5105\" style=\"width: 239px\" class=\"wp-caption alignnone\"><a href=\"https:\/\/www.pgrosenfeld.de\/wordpress\/wp-content\/uploads\/2023\/07\/Barakaldo2023a.jpg\"><img loading=\"lazy\" decoding=\"async\" aria-describedby=\"caption-attachment-5105\" class=\"size-medium wp-image-5105\" src=\"https:\/\/www.pgrosenfeld.de\/wordpress\/wp-content\/uploads\/2023\/07\/Barakaldo2023a-229x300.jpg\" alt=\"\" width=\"229\" height=\"300\" srcset=\"https:\/\/www.pgrosenfeld.de\/wordpress\/wp-content\/uploads\/2023\/07\/Barakaldo2023a-229x300.jpg 229w, https:\/\/www.pgrosenfeld.de\/wordpress\/wp-content\/uploads\/2023\/07\/Barakaldo2023a-782x1024.jpg 782w, https:\/\/www.pgrosenfeld.de\/wordpress\/wp-content\/uploads\/2023\/07\/Barakaldo2023a-768x1005.jpg 768w, https:\/\/www.pgrosenfeld.de\/wordpress\/wp-content\/uploads\/2023\/07\/Barakaldo2023a.jpg 1126w\" sizes=\"auto, (max-width: 229px) 100vw, 229px\" \/><\/a><p id=\"caption-attachment-5105\" class=\"wp-caption-text\">Am &#8222;Puppy&#8220; vor dem Guggenheim-Museum in Bilbao<\/p><\/div>\n<p>&nbsp;<\/p>\n<p>Direkt nach den Pfingstferien machte sich eine Gruppe von 14 Sch\u00fclerinnen und Sch\u00fclern aus den Klassen 9 und 10 unseres Progymnasiums f\u00fcr eine Woche auf die Reise zum Sch\u00fcleraustausch nach Spanien.Es war unser erster Besuch seit 2019 \u00a0bei unserer langj\u00e4hrigen Partnerschule \u00a0im Baskenland und, wie im Februar beim Besuch der Basken, in Kooperation mit den Gymnasium Balingen.<\/p>\n<p>Gemeinsam mit der baskischen Gruppe unternahmen wir Ausfl\u00fcge ans Meer zur Halbinsel Gaztelugatxe und dem Fischerdorf Mundaka und nat\u00fcrlich ins nahegelegene Bilbao mit seinem beeindruckenden Guggenheim-Museum. Au\u00dferdem besichtigten wir die historische H\u00e4ngebr\u00fccke \u201ePuente Biskaia\u201c in Portugalete und im Kletterpark \u201eSoporta Abentura\u201c kletterten wir in gro\u00dfer H\u00f6he und sausten unz\u00e4hlige Ziplines entlang, definitiv ein Highlight unserer Reise.<\/p>\n<p>In der freien Zeit mit den Austauschpartnerinnen und \u2013partnern verbrachten viele Rosenfelder Stunden am Strand der breiten Flussm\u00fcndung des Nervi\u00f3n oder sogar im Ferienhaus am Meer. Die Jungs verst\u00e4ndigten sich mit gro\u00dfer Freude \u00fcber Fu\u00dfball und feierten am letzten Abend gemeinsam den Sieg der Spanier im Nations League Finale.<\/p>\n<p>Unsere Reise war \u00a0eine bereichernde interkulturelle Erfahrung mit vielen bleibenden Erinnerungen, auch an anf\u00e4ngliche Irritationen durch den ungewohnten Tagesrhythmus und sprachliche Herausforderungen. Hoffentlich aber auch ein Impuls und Motivation, weiter an unseren Fremdsprachenkenntnissen zu arbeiten, die uns tolle Begegnungen erm\u00f6glichen.<\/p>\n<\/div>\n<div dir=\"ltr\"><\/div>\n<div dir=\"ltr\">Silke Unz<\/div>\n","protected":false},"excerpt":{"rendered":"<p>&nbsp; Direkt nach den Pfingstferien machte sich eine Gruppe von 14 Sch\u00fclerinnen und Sch\u00fclern aus den Klassen 9 und 10 <a class=\"more-link\" href=\"https:\/\/www.pgrosenfeld.de\/?p=5103\">mehr &rarr;<\/a><\/p>\n","protected":false},"author":1,"featured_media":0,"comment_status":"closed","ping_status":"closed","sticky":false,"template":"","format":"standard","meta":{"footnotes":""},"categories":[1,15,5,39],"tags":[11],"class_list":["post-5103","post","type-post","status-publish","format-standard","hentry","category-allgemein","category-exkursion","category-schueleraustausch","category-spanienaustausch","tag-spanien"],"_links":{"self":[{"href":"https:\/\/www.pgrosenfeld.de\/index.php?rest_route=\/wp\/v2\/posts\/5103","targetHints":{"allow":["GET"]}}],"collection":[{"href":"https:\/\/www.pgrosenfeld.de\/index.php?rest_route=\/wp\/v2\/posts"}],"about":[{"href":"https:\/\/www.pgrosenfeld.de\/index.php?rest_route=\/wp\/v2\/types\/post"}],"author":[{"embeddable":true,"href":"https:\/\/www.pgrosenfeld.de\/index.php?rest_route=\/wp\/v2\/users\/1"}],"replies":[{"embeddable":true,"href":"https:\/\/www.pgrosenfeld.de\/index.php?rest_route=%2Fwp%2Fv2%2Fcomments&post=5103"}],"version-history":[{"count":4,"href":"https:\/\/www.pgrosenfeld.de\/index.php?rest_route=\/wp\/v2\/posts\/5103\/revisions"}],"predecessor-version":[{"id":5108,"href":"https:\/\/www.pgrosenfeld.de\/index.php?rest_route=\/wp\/v2\/posts\/5103\/revisions\/5108"}],"wp:attachment":[{"href":"https:\/\/www.pgrosenfeld.de\/index.php?rest_route=%2Fwp%2Fv2%2Fmedia&parent=5103"}],"wp:term":[{"taxonomy":"category","embeddable":true,"href":"https:\/\/www.pgrosenfeld.de\/index.php?rest_route=%2Fwp%2Fv2%2Fcategories&post=5103"},{"taxonomy":"post_tag","embeddable":true,"href":"https:\/\/www.pgrosenfeld.de\/index.php?rest_route=%2Fwp%2Fv2%2Ftags&post=5103"}],"curies":[{"name":"wp","href":"https:\/\/api.w.org\/{rel}","templated":true}]}}