{"id":1306,"date":"2015-10-15T10:36:40","date_gmt":"2015-10-15T08:36:40","guid":{"rendered":"http:\/\/www.pgrosenfeld.de\/?p=1306"},"modified":"2018-03-23T17:39:26","modified_gmt":"2018-03-23T15:39:26","slug":"einladung-zum-comedy-abend","status":"publish","type":"post","link":"https:\/\/www.pgrosenfeld.de\/?p=1306","title":{"rendered":"Einladung zum Comedy-Abend am 6.11.2015"},"content":{"rendered":"<p>Wir laden Sie alle zu einem kulturellen, regionalen, schw\u00e4bischen Abend ein, an dem und \u00fcber den Sie lange lachen werden.<\/p>\n<p><a href=\"http:\/\/www.pgrosenfeld.de\/wordpress\/wp-content\/uploads\/2015\/10\/Plakat06.11c.jpg\"><img loading=\"lazy\" decoding=\"async\" class=\"alignnone size-medium wp-image-1305\" src=\"http:\/\/www.pgrosenfeld.de\/wordpress\/wp-content\/uploads\/2015\/10\/Plakat06.11c-212x300.jpg\" alt=\"Plakat06.11c\" width=\"212\" height=\"300\" srcset=\"https:\/\/www.pgrosenfeld.de\/wordpress\/wp-content\/uploads\/2015\/10\/Plakat06.11c-212x300.jpg 212w, https:\/\/www.pgrosenfeld.de\/wordpress\/wp-content\/uploads\/2015\/10\/Plakat06.11c-725x1024.jpg 725w, https:\/\/www.pgrosenfeld.de\/wordpress\/wp-content\/uploads\/2015\/10\/Plakat06.11c.jpg 1754w\" sizes=\"auto, (max-width: 212px) 100vw, 212px\" \/><\/a><br \/>\nEinlass ist ab 18.30 Uhr.<br \/>\nKarten im Vorverkauf sind erh\u00e4ltlich bei: Stadtverwaltung Geisligen, G\u00e4rtnerei Hauser, Geislingen &#8211; B\u00e4ckerei Keck, Leidringen \u2013 Ortschaftsverwaltung Leidringen \u2013 R\u00e4del, Rosenfeld, B\u00fcrgerb\u00fcro Rosenfeld -Schulsekretariat Progymnasium \u2013 Klosterm\u00fchle, Heiligenzimmern.<br \/>\nSch\u00fcler und Sch\u00fclerinnen erhalten erm\u00e4\u00dfigten Eintritt.<br \/>\nDer Erl\u00f6s der Veranstaltung kommt \u00fcber den F\u00f6rderverein wieder dem Progymnasium Rosenfeld zu Gute.<\/p>\n","protected":false},"excerpt":{"rendered":"<p>Wir laden Sie alle zu einem kulturellen, regionalen, schw\u00e4bischen Abend ein, an dem und \u00fcber den Sie lange lachen werden. <a class=\"more-link\" href=\"https:\/\/www.pgrosenfeld.de\/?p=1306\">mehr &rarr;<\/a><\/p>\n","protected":false},"author":1,"featured_media":0,"comment_status":"closed","ping_status":"closed","sticky":false,"template":"","format":"standard","meta":{"footnotes":""},"categories":[17],"tags":[53,29],"class_list":["post-1306","post","type-post","status-publish","format-standard","hentry","category-feste","tag-feste","tag-foerderverein"],"_links":{"self":[{"href":"https:\/\/www.pgrosenfeld.de\/index.php?rest_route=\/wp\/v2\/posts\/1306","targetHints":{"allow":["GET"]}}],"collection":[{"href":"https:\/\/www.pgrosenfeld.de\/index.php?rest_route=\/wp\/v2\/posts"}],"about":[{"href":"https:\/\/www.pgrosenfeld.de\/index.php?rest_route=\/wp\/v2\/types\/post"}],"author":[{"embeddable":true,"href":"https:\/\/www.pgrosenfeld.de\/index.php?rest_route=\/wp\/v2\/users\/1"}],"replies":[{"embeddable":true,"href":"https:\/\/www.pgrosenfeld.de\/index.php?rest_route=%2Fwp%2Fv2%2Fcomments&post=1306"}],"version-history":[{"count":6,"href":"https:\/\/www.pgrosenfeld.de\/index.php?rest_route=\/wp\/v2\/posts\/1306\/revisions"}],"predecessor-version":[{"id":2404,"href":"https:\/\/www.pgrosenfeld.de\/index.php?rest_route=\/wp\/v2\/posts\/1306\/revisions\/2404"}],"wp:attachment":[{"href":"https:\/\/www.pgrosenfeld.de\/index.php?rest_route=%2Fwp%2Fv2%2Fmedia&parent=1306"}],"wp:term":[{"taxonomy":"category","embeddable":true,"href":"https:\/\/www.pgrosenfeld.de\/index.php?rest_route=%2Fwp%2Fv2%2Fcategories&post=1306"},{"taxonomy":"post_tag","embeddable":true,"href":"https:\/\/www.pgrosenfeld.de\/index.php?rest_route=%2Fwp%2Fv2%2Ftags&post=1306"}],"curies":[{"name":"wp","href":"https:\/\/api.w.org\/{rel}","templated":true}]}}