{"id":120,"date":"2015-01-14T11:40:59","date_gmt":"2015-01-14T09:40:59","guid":{"rendered":"http:\/\/www.pgrosenfeld2.bl.schule-bw.de\/wordpress\/?p=120"},"modified":"2023-01-03T17:08:05","modified_gmt":"2023-01-03T15:08:05","slug":"fairtrade","status":"publish","type":"post","link":"https:\/\/www.pgrosenfeld.de\/?p=120","title":{"rendered":"Fairtrade-Schule"},"content":{"rendered":"<p>Das traditionelle Weihnachtsfoto unter dem Motto: FAIR<!--more--><\/p>\n<p>Zum Vergr\u00f6\u00dfern bitte anklicken!<\/p>\n<p><a href=\"http:\/\/www.pgrosenfeld.de\/?attachment_id=1389#main\" rel=\"attachment wp-att-1389\"><img loading=\"lazy\" decoding=\"async\" class=\"alignnone size-medium wp-image-1389\" src=\"http:\/\/www.pgrosenfeld.de\/wordpress\/wp-content\/uploads\/2015\/12\/FAIR-2015-300x123.jpg\" alt=\"FAIR-2015\" width=\"300\" height=\"123\" srcset=\"https:\/\/www.pgrosenfeld.de\/wordpress\/wp-content\/uploads\/2015\/12\/FAIR-2015-300x123.jpg 300w, https:\/\/www.pgrosenfeld.de\/wordpress\/wp-content\/uploads\/2015\/12\/FAIR-2015-768x314.jpg 768w, https:\/\/www.pgrosenfeld.de\/wordpress\/wp-content\/uploads\/2015\/12\/FAIR-2015-1024x419.jpg 1024w, https:\/\/www.pgrosenfeld.de\/wordpress\/wp-content\/uploads\/2015\/12\/FAIR-2015.jpg 2037w\" sizes=\"auto, (max-width: 300px) 100vw, 300px\" \/><\/a>22.12.2015<\/p>\n<p><a href=\"http:\/\/www.pgrosenfeld.de\/?attachment_id=1411#main\" rel=\"attachment wp-att-1411\"><img loading=\"lazy\" decoding=\"async\" class=\"alignnone size-medium wp-image-1411\" src=\"http:\/\/www.pgrosenfeld.de\/wordpress\/wp-content\/uploads\/2015\/12\/Fairtrade2015-300x107.jpg\" alt=\"Fairtrade2015\" width=\"300\" height=\"107\" srcset=\"https:\/\/www.pgrosenfeld.de\/wordpress\/wp-content\/uploads\/2015\/12\/Fairtrade2015-300x107.jpg 300w, https:\/\/www.pgrosenfeld.de\/wordpress\/wp-content\/uploads\/2015\/12\/Fairtrade2015-768x275.jpg 768w, https:\/\/www.pgrosenfeld.de\/wordpress\/wp-content\/uploads\/2015\/12\/Fairtrade2015-1024x366.jpg 1024w, https:\/\/www.pgrosenfeld.de\/wordpress\/wp-content\/uploads\/2015\/12\/Fairtrade2015.jpg 2015w\" sizes=\"auto, (max-width: 300px) 100vw, 300px\" \/><\/a>SB 28.12.2015<\/p>\n<p><img loading=\"lazy\" decoding=\"async\" class=\"alignnone wp-image-121 size-medium\" src=\"http:\/\/www.pgrosenfeld.de\/wordpress\/wp-content\/uploads\/2014\/06\/Fairtrade-274x300.jpg\" alt=\"Fairtrade\" width=\"274\" height=\"300\" srcset=\"https:\/\/www.pgrosenfeld.de\/wordpress\/wp-content\/uploads\/2014\/06\/Fairtrade-274x300.jpg 274w, https:\/\/www.pgrosenfeld.de\/wordpress\/wp-content\/uploads\/2014\/06\/Fairtrade.jpg 310w\" sizes=\"auto, (max-width: 274px) 100vw, 274px\" \/><\/p>\n<p>Die Siebtkl\u00e4ssler (jetzt 8-ter) verkaufen im Rahmen eines Projekts fair gehandelte, leckere und gesunde S\u00fc\u00dfigkeiten in der Pause &#8211; zugreifen!<\/p>\n<p>Unser Ziel:<\/p>\n<p>In diesem Schuljahr wollen wir zur Fairtrade-Schule werden.<\/p>\n<p>Jetzt ist es erreicht:<\/p>\n<p><a href=\"http:\/\/www.pgrosenfeld.de\/wordpress\/wp-content\/uploads\/2015\/08\/Logo-Wir-sind-Fairtrade-School.jpg\"><img loading=\"lazy\" decoding=\"async\" class=\"alignnone size-medium wp-image-1238\" src=\"http:\/\/www.pgrosenfeld.de\/wordpress\/wp-content\/uploads\/2015\/08\/Logo-Wir-sind-Fairtrade-School-300x166.jpg\" alt=\"Logo Wir sind Fairtrade School\" width=\"300\" height=\"166\" srcset=\"https:\/\/www.pgrosenfeld.de\/wordpress\/wp-content\/uploads\/2015\/08\/Logo-Wir-sind-Fairtrade-School-300x166.jpg 300w, https:\/\/www.pgrosenfeld.de\/wordpress\/wp-content\/uploads\/2015\/08\/Logo-Wir-sind-Fairtrade-School-1024x567.jpg 1024w, https:\/\/www.pgrosenfeld.de\/wordpress\/wp-content\/uploads\/2015\/08\/Logo-Wir-sind-Fairtrade-School.jpg 1652w\" sizes=\"auto, (max-width: 300px) 100vw, 300px\" \/><\/a><br \/>\nDazu mussten folgende Kriterien erf\u00fcllt werden:<!--more--><\/p>\n<ul>\n<li>Gr\u00fcndung eines Fairtrade-Schoolteams<a href=\"http:\/\/www.pgrosenfeld.de\/wordpress\/wp-content\/uploads\/2014\/12\/Gr\u00fcndung-Fairtrade.jpg\"><img loading=\"lazy\" decoding=\"async\" class=\"alignnone size-medium wp-image-961\" src=\"http:\/\/www.pgrosenfeld.de\/wordpress\/wp-content\/uploads\/2014\/12\/Gr\u00fcndung-Fairtrade-300x182.jpg\" alt=\"Gr\u00fcndung-Fairtrade\" width=\"300\" height=\"182\" srcset=\"https:\/\/www.pgrosenfeld.de\/wordpress\/wp-content\/uploads\/2014\/12\/Gr\u00fcndung-Fairtrade-300x182.jpg 300w, https:\/\/www.pgrosenfeld.de\/wordpress\/wp-content\/uploads\/2014\/12\/Gr\u00fcndung-Fairtrade-1024x624.jpg 1024w, https:\/\/www.pgrosenfeld.de\/wordpress\/wp-content\/uploads\/2014\/12\/Gr\u00fcndung-Fairtrade.jpg 1381w\" sizes=\"auto, (max-width: 300px) 100vw, 300px\" \/><\/a><\/li>\n<\/ul>\n<p style=\"padding-left: 30px;\">Die Gr\u00fcndungsveranstaltung fand am 9.12.2014 statt.<\/p>\n<ul>\n<li>Erstellen eines Fairtrade-Kompasses zum Fairtrade-Gedanken an der Schule<\/li>\n<li>Fairtrade im Unterricht in mind. zwei Klassenstufen in zwei unterschiedlichen F\u00e4chern<\/li>\n<li>Organisation von Schulaktionen zum Thema Fairtrade<\/li>\n<li>Dokumentation im Fairtrade-Schools Blog<\/li>\n<\/ul>\n<p>Die Fachschaften Religion, Geographie und Biologie sind dabei.<\/p>\n<p style=\"padding-left: 30px;\"><a href=\"http:\/\/www.pgrosenfeld.de\/wordpress\/wp-content\/uploads\/2014\/12\/2014-12-19zak-Fairtrade.jpg\"><img loading=\"lazy\" decoding=\"async\" class=\"alignnone size-medium wp-image-971\" src=\"http:\/\/www.pgrosenfeld.de\/wordpress\/wp-content\/uploads\/2014\/12\/2014-12-19zak-Fairtrade-300x176.jpg\" alt=\"2014-12-19zak-Fairtrade\" width=\"300\" height=\"176\" srcset=\"https:\/\/www.pgrosenfeld.de\/wordpress\/wp-content\/uploads\/2014\/12\/2014-12-19zak-Fairtrade-300x176.jpg 300w, https:\/\/www.pgrosenfeld.de\/wordpress\/wp-content\/uploads\/2014\/12\/2014-12-19zak-Fairtrade-1024x602.jpg 1024w, https:\/\/www.pgrosenfeld.de\/wordpress\/wp-content\/uploads\/2014\/12\/2014-12-19zak-Fairtrade.jpg 1302w\" sizes=\"auto, (max-width: 300px) 100vw, 300px\" \/><\/a><\/p>\n<p>Weitere Infos unter\u00a0<a href=\"http:\/\/www.fairtrade-schools.de\/index.php\" target=\"_blank\" rel=\"noopener\">www.fairtrade-schools.de<\/a><\/p>\n<p><a href=\"http:\/\/www.fairtrade-schools.de\/index.php?id=58\" target=\"_blank\" rel=\"noopener\"><br \/>\n<\/a><a href=\"http:\/\/blog.fairtrade-schools.de\/\" target=\"_blank\" rel=\"noopener\">Zum Blog<\/a><\/p>\n","protected":false},"excerpt":{"rendered":"<p>Das traditionelle Weihnachtsfoto unter dem Motto: FAIR<\/p>\n","protected":false},"author":1,"featured_media":1389,"comment_status":"closed","ping_status":"closed","sticky":false,"template":"","format":"standard","meta":{"footnotes":""},"categories":[6],"tags":[50,59],"class_list":["post-120","post","type-post","status-publish","format-standard","has-post-thumbnail","hentry","category-projekte","tag-fairtrade","tag-weihnachtsfoto"],"_links":{"self":[{"href":"https:\/\/www.pgrosenfeld.de\/index.php?rest_route=\/wp\/v2\/posts\/120","targetHints":{"allow":["GET"]}}],"collection":[{"href":"https:\/\/www.pgrosenfeld.de\/index.php?rest_route=\/wp\/v2\/posts"}],"about":[{"href":"https:\/\/www.pgrosenfeld.de\/index.php?rest_route=\/wp\/v2\/types\/post"}],"author":[{"embeddable":true,"href":"https:\/\/www.pgrosenfeld.de\/index.php?rest_route=\/wp\/v2\/users\/1"}],"replies":[{"embeddable":true,"href":"https:\/\/www.pgrosenfeld.de\/index.php?rest_route=%2Fwp%2Fv2%2Fcomments&post=120"}],"version-history":[{"count":28,"href":"https:\/\/www.pgrosenfeld.de\/index.php?rest_route=\/wp\/v2\/posts\/120\/revisions"}],"predecessor-version":[{"id":4887,"href":"https:\/\/www.pgrosenfeld.de\/index.php?rest_route=\/wp\/v2\/posts\/120\/revisions\/4887"}],"wp:featuredmedia":[{"embeddable":true,"href":"https:\/\/www.pgrosenfeld.de\/index.php?rest_route=\/wp\/v2\/media\/1389"}],"wp:attachment":[{"href":"https:\/\/www.pgrosenfeld.de\/index.php?rest_route=%2Fwp%2Fv2%2Fmedia&parent=120"}],"wp:term":[{"taxonomy":"category","embeddable":true,"href":"https:\/\/www.pgrosenfeld.de\/index.php?rest_route=%2Fwp%2Fv2%2Fcategories&post=120"},{"taxonomy":"post_tag","embeddable":true,"href":"https:\/\/www.pgrosenfeld.de\/index.php?rest_route=%2Fwp%2Fv2%2Ftags&post=120"}],"curies":[{"name":"wp","href":"https:\/\/api.w.org\/{rel}","templated":true}]}}